{"id":3577,"date":"2019-11-04T09:45:53","date_gmt":"2019-11-04T08:45:53","guid":{"rendered":"https:\/\/reclamatravel.com\/reclamatravel\/?p=3577"},"modified":"2024-08-20T09:50:17","modified_gmt":"2024-08-20T07:50:17","slug":"reclamatravel-e-intermundial-se-alian-para-ofrecer-cobertura-integral-ante-incidencias-aereas","status":"publish","type":"post","link":"https:\/\/reclamatravel.com\/reclamatravel\/reclamatravel-e-intermundial-se-alian-para-ofrecer-cobertura-integral-ante-incidencias-aereas\/","title":{"rendered":"ReclamaTravel e InterMundial se al\u00edan para ofrecer cobertura integral ante incidencias a\u00e9reas"},"content":{"rendered":"\t\t<div data-elementor-type=\"wp-post\" data-elementor-id=\"3577\" class=\"elementor elementor-3577\" data-elementor-post-type=\"post\">\n\t\t\t\t\t\t<section class=\"elementor-section elementor-inner-section elementor-element elementor-element-7531a29 elementor-section-full_width elementor-section-content-middle elementor-section-height-default elementor-section-height-default\" data-id=\"7531a29\" data-element_type=\"section\" data-e-type=\"section\">\n\t\t\t\t\t\t<div class=\"elementor-container elementor-column-gap-no\">\n\t\t\t\t\t<div class=\"elementor-column elementor-col-50 elementor-inner-column elementor-element elementor-element-51fbab0\" data-id=\"51fbab0\" data-element_type=\"column\" data-e-type=\"column\" data-settings=\"{&quot;background_background&quot;:&quot;classic&quot;}\">\n\t\t\t<div class=\"elementor-widget-wrap elementor-element-populated\">\n\t\t\t\t\t\t<div class=\"elementor-element elementor-element-38ae87c7 elementor-view-default elementor-widget elementor-widget-icon\" data-id=\"38ae87c7\" data-element_type=\"widget\" data-e-type=\"widget\" data-widget_type=\"icon.default\">\n\t\t\t\t<div class=\"elementor-widget-container\">\n\t\t\t\t\t\t\t<div class=\"elementor-icon-wrapper\">\n\t\t\t<div class=\"elementor-icon\">\n\t\t\t<svg aria-hidden=\"true\" class=\"e-font-icon-svg e-fas-globe-americas\" viewBox=\"0 0 496 512\" xmlns=\"http:\/\/www.w3.org\/2000\/svg\"><path d=\"M248 8C111.03 8 0 119.03 0 256s111.03 248 248 248 248-111.03 248-248S384.97 8 248 8zm82.29 357.6c-3.9 3.88-7.99 7.95-11.31 11.28-2.99 3-5.1 6.7-6.17 10.71-1.51 5.66-2.73 11.38-4.77 16.87l-17.39 46.85c-13.76 3-28 4.69-42.65 4.69v-27.38c1.69-12.62-7.64-36.26-22.63-51.25-6-6-9.37-14.14-9.37-22.63v-32.01c0-11.64-6.27-22.34-16.46-27.97-14.37-7.95-34.81-19.06-48.81-26.11-11.48-5.78-22.1-13.14-31.65-21.75l-.8-.72a114.792 114.792 0 0 1-18.06-20.74c-9.38-13.77-24.66-36.42-34.59-51.14 20.47-45.5 57.36-82.04 103.2-101.89l24.01 12.01C203.48 89.74 216 82.01 216 70.11v-11.3c7.99-1.29 16.12-2.11 24.39-2.42l28.3 28.3c6.25 6.25 6.25 16.38 0 22.63L264 112l-10.34 10.34c-3.12 3.12-3.12 8.19 0 11.31l4.69 4.69c3.12 3.12 3.12 8.19 0 11.31l-8 8a8.008 8.008 0 0 1-5.66 2.34h-8.99c-2.08 0-4.08.81-5.58 2.27l-9.92 9.65a8.008 8.008 0 0 0-1.58 9.31l15.59 31.19c2.66 5.32-1.21 11.58-7.15 11.58h-5.64c-1.93 0-3.79-.7-5.24-1.96l-9.28-8.06a16.017 16.017 0 0 0-15.55-3.1l-31.17 10.39a11.95 11.95 0 0 0-8.17 11.34c0 4.53 2.56 8.66 6.61 10.69l11.08 5.54c9.41 4.71 19.79 7.16 30.31 7.16s22.59 27.29 32 32h66.75c8.49 0 16.62 3.37 22.63 9.37l13.69 13.69a30.503 30.503 0 0 1 8.93 21.57 46.536 46.536 0 0 1-13.72 32.98zM417 274.25c-5.79-1.45-10.84-5-14.15-9.97l-17.98-26.97a23.97 23.97 0 0 1 0-26.62l19.59-29.38c2.32-3.47 5.5-6.29 9.24-8.15l12.98-6.49C440.2 193.59 448 223.87 448 256c0 8.67-.74 17.16-1.82 25.54L417 274.25z\"><\/path><\/svg>\t\t\t<\/div>\n\t\t<\/div>\n\t\t\t\t\t\t<\/div>\n\t\t\t\t<\/div>\n\t\t\t\t<div class=\"elementor-element elementor-element-60726293 elementor-widget elementor-widget-heading\" data-id=\"60726293\" data-element_type=\"widget\" data-e-type=\"widget\" data-widget_type=\"heading.default\">\n\t\t\t\t<div class=\"elementor-widget-container\">\n\t\t\t\t\t<h2 class=\"elementor-heading-title elementor-size-default\">ReclamaTravel ha anunciado una nueva alianza estrat\u00e9gica con InterMundial, una de las principales corredur\u00edas de seguros especializados en turismo, para mejorar la cobertura y gesti\u00f3n de incidencias a\u00e9reas. <\/h2>\t\t\t\t<\/div>\n\t\t\t\t<\/div>\n\t\t\t\t\t<\/div>\n\t\t<\/div>\n\t\t\t\t<div class=\"elementor-column elementor-col-50 elementor-inner-column elementor-element elementor-element-3dd7658f\" data-id=\"3dd7658f\" data-element_type=\"column\" data-e-type=\"column\">\n\t\t\t<div class=\"elementor-widget-wrap\">\n\t\t\t\t\t\t\t<\/div>\n\t\t<\/div>\n\t\t\t\t\t<\/div>\n\t\t<\/section>\n\t\t<div class=\"elementor-element elementor-element-4fc996c8 e-con-full e-flex e-con e-parent\" data-id=\"4fc996c8\" data-element_type=\"container\" data-e-type=\"container\">\n\t\t\t\t<div class=\"elementor-element elementor-element-2d570efa elementor-widget-divider--view-line_icon elementor-view-default elementor-widget-divider--element-align-center elementor-widget elementor-widget-divider\" data-id=\"2d570efa\" data-element_type=\"widget\" data-e-type=\"widget\" data-widget_type=\"divider.default\">\n\t\t\t\t<div class=\"elementor-widget-container\">\n\t\t\t\t\t\t\t<div class=\"elementor-divider\">\n\t\t\t<span class=\"elementor-divider-separator\">\n\t\t\t\t\t\t\t<div class=\"elementor-icon elementor-divider__element\">\n\t\t\t\t\t<svg aria-hidden=\"true\" class=\"e-font-icon-svg e-fas-plane-departure\" viewBox=\"0 0 640 512\" xmlns=\"http:\/\/www.w3.org\/2000\/svg\"><path d=\"M624 448H16c-8.84 0-16 7.16-16 16v32c0 8.84 7.16 16 16 16h608c8.84 0 16-7.16 16-16v-32c0-8.84-7.16-16-16-16zM80.55 341.27c6.28 6.84 15.1 10.72 24.33 10.71l130.54-.18a65.62 65.62 0 0 0 29.64-7.12l290.96-147.65c26.74-13.57 50.71-32.94 67.02-58.31 18.31-28.48 20.3-49.09 13.07-63.65-7.21-14.57-24.74-25.27-58.25-27.45-29.85-1.94-59.54 5.92-86.28 19.48l-98.51 49.99-218.7-82.06a17.799 17.799 0 0 0-18-1.11L90.62 67.29c-10.67 5.41-13.25 19.65-5.17 28.53l156.22 98.1-103.21 52.38-72.35-36.47a17.804 17.804 0 0 0-16.07.02L9.91 230.22c-10.44 5.3-13.19 19.12-5.57 28.08l76.21 82.97z\"><\/path><\/svg><\/div>\n\t\t\t\t\t\t<\/span>\n\t\t<\/div>\n\t\t\t\t\t\t<\/div>\n\t\t\t\t<\/div>\n\t\t\t\t<\/div>\n\t\t<div class=\"elementor-element elementor-element-6b6a7971 e-con-full e-flex e-con e-parent\" data-id=\"6b6a7971\" data-element_type=\"container\" data-e-type=\"container\">\n\t\t<div class=\"elementor-element elementor-element-2092d2fe e-con-full e-flex e-con e-child\" data-id=\"2092d2fe\" data-element_type=\"container\" data-e-type=\"container\">\n\t\t\t\t<div class=\"elementor-element elementor-element-7647de9 elementor-widget elementor-widget-text-editor\" data-id=\"7647de9\" data-element_type=\"widget\" data-e-type=\"widget\" data-widget_type=\"text-editor.default\">\n\t\t\t\t<div class=\"elementor-widget-container\">\n\t\t\t\t\t\t\t\t\t<p>ReclamaTravel ha anunciado una nueva alianza estrat\u00e9gica con InterMundial, una de las principales corredur\u00edas de seguros especializados en turismo, para mejorar la cobertura y gesti\u00f3n de incidencias a\u00e9reas. Seg\u00fan la reciente nota de prensa publicada en Preferente, este acuerdo permitir\u00e1 a los clientes de InterMundial acceder a un servicio completo de reclamaciones a\u00e9reas gestionado por ReclamaTravel, garantizando as\u00ed una mayor protecci\u00f3n y tranquilidad en sus viajes.<\/p><p>Fernando O\u00f1iga, CEO de ReclamaTravel, ha se\u00f1alado que esta colaboraci\u00f3n fortalece la oferta de servicios tanto de InterMundial como de ReclamaTravel, al combinar la experiencia en seguros de viaje con la especializaci\u00f3n en la gesti\u00f3n de reclamaciones a\u00e9reas. A trav\u00e9s de esta alianza, los viajeros asegurados por InterMundial podr\u00e1n reclamar de manera eficiente compensaciones por retrasos, cancelaciones y otros problemas relacionados con sus vuelos, contando con el respaldo y la experiencia de ReclamaTravel.<\/p><p>El acuerdo tambi\u00e9n destaca la importancia de ofrecer a los viajeros una soluci\u00f3n integral que no solo cubra los riesgos asociados a sus viajes, sino que tambi\u00e9n les facilite la gesti\u00f3n de cualquier reclamaci\u00f3n que pueda surgir durante su experiencia. Con esta alianza, InterMundial y ReclamaTravel refuerzan su compromiso con la satisfacci\u00f3n del cliente, asegurando que los derechos de los pasajeros est\u00e9n protegidos en todo momento.<\/p>\t\t\t\t\t\t\t\t<\/div>\n\t\t\t\t<\/div>\n\t\t\t\t<div class=\"elementor-element elementor-element-55e07e64 elementor-widget-divider--view-line_icon elementor-view-default elementor-widget-divider--element-align-center elementor-widget elementor-widget-divider\" data-id=\"55e07e64\" data-element_type=\"widget\" data-e-type=\"widget\" data-widget_type=\"divider.default\">\n\t\t\t\t<div class=\"elementor-widget-container\">\n\t\t\t\t\t\t\t<div class=\"elementor-divider\">\n\t\t\t<span class=\"elementor-divider-separator\">\n\t\t\t\t\t\t\t<div class=\"elementor-icon elementor-divider__element\">\n\t\t\t\t\t<svg aria-hidden=\"true\" class=\"e-font-icon-svg e-fas-plane-departure\" viewBox=\"0 0 640 512\" xmlns=\"http:\/\/www.w3.org\/2000\/svg\"><path d=\"M624 448H16c-8.84 0-16 7.16-16 16v32c0 8.84 7.16 16 16 16h608c8.84 0 16-7.16 16-16v-32c0-8.84-7.16-16-16-16zM80.55 341.27c6.28 6.84 15.1 10.72 24.33 10.71l130.54-.18a65.62 65.62 0 0 0 29.64-7.12l290.96-147.65c26.74-13.57 50.71-32.94 67.02-58.31 18.31-28.48 20.3-49.09 13.07-63.65-7.21-14.57-24.74-25.27-58.25-27.45-29.85-1.94-59.54 5.92-86.28 19.48l-98.51 49.99-218.7-82.06a17.799 17.799 0 0 0-18-1.11L90.62 67.29c-10.67 5.41-13.25 19.65-5.17 28.53l156.22 98.1-103.21 52.38-72.35-36.47a17.804 17.804 0 0 0-16.07.02L9.91 230.22c-10.44 5.3-13.19 19.12-5.57 28.08l76.21 82.97z\"><\/path><\/svg><\/div>\n\t\t\t\t\t\t<\/span>\n\t\t<\/div>\n\t\t\t\t\t\t<\/div>\n\t\t\t\t<\/div>\n\t\t\t\t<div class=\"elementor-element elementor-element-5e2c9bd0 elementor-widget elementor-widget-text-editor\" data-id=\"5e2c9bd0\" data-element_type=\"widget\" data-e-type=\"widget\" data-widget_type=\"text-editor.default\">\n\t\t\t\t<div class=\"elementor-widget-container\">\n\t\t\t\t\t\t\t\t\t<p>Para obtener m\u00e1s informaci\u00f3n sobre esta alianza y c\u00f3mo beneficiar\u00e1 a los viajeros, puedes leer la nota completa en Preferente <a href=\"https:\/\/www.preferente.com\/noticias-de-agencias-de-viajes\/intermundial-se-alia-con-reclama-travel-para-cubrir-las-incidencias-aereas-294308.html\" target=\"_new\" rel=\"noopener\">aqu\u00ed<\/a>.<\/p>\t\t\t\t\t\t\t\t<\/div>\n\t\t\t\t<\/div>\n\t\t\t\t<\/div>\n\t\t<div class=\"elementor-element elementor-element-578cadfc e-con-full e-flex e-con e-child\" data-id=\"578cadfc\" data-element_type=\"container\" data-e-type=\"container\">\n\t\t\t\t<div class=\"elementor-element elementor-element-6b3803b7 elementor-widget elementor-widget-heading\" data-id=\"6b3803b7\" data-element_type=\"widget\" data-e-type=\"widget\" data-widget_type=\"heading.default\">\n\t\t\t\t<div class=\"elementor-widget-container\">\n\t\t\t\t\t<h2 class=\"elementor-heading-title elementor-size-default\">Otras noticias de inter\u00e9s<\/h2>\t\t\t\t<\/div>\n\t\t\t\t<\/div>\n\t\t\t\t<div class=\"elementor-element elementor-element-673a0d39 e-transform elementor-widget elementor-widget-sabvga-post-two\" data-id=\"673a0d39\" data-element_type=\"widget\" data-e-type=\"widget\" data-settings=\"{&quot;_transform_scale_effect&quot;:{&quot;unit&quot;:&quot;px&quot;,&quot;size&quot;:1,&quot;sizes&quot;:[]},&quot;_transform_scale_effect_tablet&quot;:{&quot;unit&quot;:&quot;px&quot;,&quot;size&quot;:&quot;&quot;,&quot;sizes&quot;:[]},&quot;_transform_scale_effect_mobile&quot;:{&quot;unit&quot;:&quot;px&quot;,&quot;size&quot;:&quot;&quot;,&quot;sizes&quot;:[]}}\" data-widget_type=\"sabvga-post-two.default\">\n\t\t\t\t<div class=\"elementor-widget-container\">\n\t\t\t\t\t        \t\t\t<div class=\"blog-post-list  clearfix blog-body\">\r\n                         \r\n                        <div class=\"col-md-12                        blog-col\">\r\n                        \t<div class=\"blog-col-inner\">\r\n                        \r\n                        \t\r\n                                <a class=\"blog-link-img blog-with-box\" href=\"https:\/\/reclamatravel.com\/reclamatravel\/elementor-4461\/\"> \r\n                                \t\r\n                                                                        \r\n                                    <img fetchpriority=\"high\" decoding=\"async\" width=\"2560\" height=\"1288\" src=\"https:\/\/reclamatravel.com\/reclamatravel\/wp-content\/uploads\/2025\/06\/banner-03-topaz-enhance-1.7x-faceai-scaled.jpg\" class=\"attachment-post-thumbnail size-post-thumbnail wp-post-image\" alt=\"\" srcset=\"https:\/\/reclamatravel.com\/reclamatravel\/wp-content\/uploads\/2025\/06\/banner-03-topaz-enhance-1.7x-faceai-scaled.jpg 2560w, https:\/\/reclamatravel.com\/reclamatravel\/wp-content\/uploads\/2025\/06\/banner-03-topaz-enhance-1.7x-faceai-300x151.jpg 300w, https:\/\/reclamatravel.com\/reclamatravel\/wp-content\/uploads\/2025\/06\/banner-03-topaz-enhance-1.7x-faceai-1024x515.jpg 1024w, https:\/\/reclamatravel.com\/reclamatravel\/wp-content\/uploads\/2025\/06\/banner-03-topaz-enhance-1.7x-faceai-768x386.jpg 768w, https:\/\/reclamatravel.com\/reclamatravel\/wp-content\/uploads\/2025\/06\/banner-03-topaz-enhance-1.7x-faceai-1536x773.jpg 1536w, https:\/\/reclamatravel.com\/reclamatravel\/wp-content\/uploads\/2025\/06\/banner-03-topaz-enhance-1.7x-faceai-2048x1030.jpg 2048w, https:\/\/reclamatravel.com\/reclamatravel\/wp-content\/uploads\/2025\/06\/banner-03-topaz-enhance-1.7x-faceai-600x302.jpg 600w\" sizes=\"(max-width: 2560px) 100vw, 2560px\" \/>                                            \r\n                                     <div class=\"sabvga-blog-box\">\r\n                                         <div class=\"sabvga-blog-inner\">\r\n                                             <h3>ReclamaTravel participa en la Jornada de Derecho de Aviaci\u00f3n de la ICAM<\/h3>\r\n                                             \r\n                                             \r\n                                            \r\n                                                                                        \r\n                                                                                    <\/div>\r\n                                    <\/div>\r\n                                \r\n                                <\/a>\r\n                                \r\n                                                                                                <div class=\"clearfix box-blog-padding excerpt-box\">\r\n                                                                \r\n                                                                <div class=\"spacing20 clearfix\"><\/div>\r\n                                <p>\r\n                                    Un espacio de an\u00e1lisis jur\u00eddico en el que compartimos nuestra experiencia para defender los derechos de los pasajeros a\u00e9reos frente a las aerol\u00edne...                                <\/p>\r\n                                                                \r\n                                                                \r\n                                \r\n                                                                    <div class=\"spacing20 clearboth\"><\/div>\r\n                                        <a class=\"content-btn\" href=\"https:\/\/reclamatravel.com\/reclamatravel\/elementor-4461\/\">\r\n                                            \r\n                                                                                        <span class=\"content-btn-align-icon-left content-btn-button-icon\">\r\n                                                <i class=\"fa fa-tasks\" aria-hidden=\"true\"><\/i>\r\n                                            <\/span>\r\n                                                                                        \r\n                                            Leer M\u00e1s                                        <\/a>\r\n                                    <div class=\"spacing20 clearboth\"><\/div>\r\n                                                                \r\n                                                                <\/div>\r\n                                                                \r\n                            <\/div>\r\n                        <\/div>\r\n                        \r\n                         \r\n                        <div class=\"col-md-12                        blog-col\">\r\n                        \t<div class=\"blog-col-inner\">\r\n                        \r\n                        \t\r\n                                <a class=\"blog-link-img blog-with-box\" href=\"https:\/\/reclamatravel.com\/reclamatravel\/fly-bag-de-reclama-travel-y-blue-ribbon-bags-una-solucion-integral-para-la-tranquilidad-del-viajero\/\"> \r\n                                \t\r\n                                                                        \r\n                                    <img decoding=\"async\" width=\"1456\" height=\"816\" data-src=\"https:\/\/reclamatravel.com\/reclamatravel\/wp-content\/uploads\/2025\/01\/Fly-Bag.jpg\" class=\"attachment-post-thumbnail size-post-thumbnail wp-post-image lazyload\" alt=\"\" data-srcset=\"https:\/\/reclamatravel.com\/reclamatravel\/wp-content\/uploads\/2025\/01\/Fly-Bag.jpg 1456w, https:\/\/reclamatravel.com\/reclamatravel\/wp-content\/uploads\/2025\/01\/Fly-Bag-300x168.jpg 300w, https:\/\/reclamatravel.com\/reclamatravel\/wp-content\/uploads\/2025\/01\/Fly-Bag-1024x574.jpg 1024w, https:\/\/reclamatravel.com\/reclamatravel\/wp-content\/uploads\/2025\/01\/Fly-Bag-768x430.jpg 768w, https:\/\/reclamatravel.com\/reclamatravel\/wp-content\/uploads\/2025\/01\/Fly-Bag-600x336.jpg 600w\" data-sizes=\"(max-width: 1456px) 100vw, 1456px\" src=\"data:image\/svg+xml;base64,PHN2ZyB3aWR0aD0iMSIgaGVpZ2h0PSIxIiB4bWxucz0iaHR0cDovL3d3dy53My5vcmcvMjAwMC9zdmciPjwvc3ZnPg==\" style=\"--smush-placeholder-width: 1456px; --smush-placeholder-aspect-ratio: 1456\/816;\" \/>                                            \r\n                                     <div class=\"sabvga-blog-box\">\r\n                                         <div class=\"sabvga-blog-inner\">\r\n                                             <h3>Fly &#038; Bag de Reclama Travel y Blue Ribbon Bags: Una soluci\u00f3n integral para la tranquilidad del viajero<\/h3>\r\n                                             \r\n                                             \r\n                                            \r\n                                                                                        \r\n                                                                                    <\/div>\r\n                                    <\/div>\r\n                                \r\n                                <\/a>\r\n                                \r\n                                                                                                <div class=\"clearfix box-blog-padding excerpt-box\">\r\n                                                                \r\n                                                                <div class=\"spacing20 clearfix\"><\/div>\r\n                                <p>\r\n                                    Descargar Observatorio A\u00e9reo &#8211; Septiembre 2024 Descubre c\u00f3mo Reclama Travel y Blue Ribbon Bags redefinen la protecci\u00f3n en los viajes Una alia...                                <\/p>\r\n                                                                \r\n                                                                \r\n                                \r\n                                                                    <div class=\"spacing20 clearboth\"><\/div>\r\n                                        <a class=\"content-btn\" href=\"https:\/\/reclamatravel.com\/reclamatravel\/fly-bag-de-reclama-travel-y-blue-ribbon-bags-una-solucion-integral-para-la-tranquilidad-del-viajero\/\">\r\n                                            \r\n                                                                                        <span class=\"content-btn-align-icon-left content-btn-button-icon\">\r\n                                                <i class=\"fa fa-tasks\" aria-hidden=\"true\"><\/i>\r\n                                            <\/span>\r\n                                                                                        \r\n                                            Leer M\u00e1s                                        <\/a>\r\n                                    <div class=\"spacing20 clearboth\"><\/div>\r\n                                                                \r\n                                                                <\/div>\r\n                                                                \r\n                            <\/div>\r\n                        <\/div>\r\n                        \r\n                         \r\n                        <div class=\"col-md-12                        blog-col\">\r\n                        \t<div class=\"blog-col-inner\">\r\n                        \r\n                        \t\r\n                                <a class=\"blog-link-img blog-with-box\" href=\"https:\/\/reclamatravel.com\/reclamatravel\/reclama-travel-recibe-el-premio-a-la-mejor-atencion-al-pasajero-2024\/\"> \r\n                                \t\r\n                                                                        \r\n                                    <img decoding=\"async\" width=\"730\" height=\"412\" data-src=\"https:\/\/reclamatravel.com\/reclamatravel\/wp-content\/uploads\/2024\/07\/Lideres-del-turismo.jpg\" class=\"attachment-post-thumbnail size-post-thumbnail wp-post-image lazyload\" alt=\"\" data-srcset=\"https:\/\/reclamatravel.com\/reclamatravel\/wp-content\/uploads\/2024\/07\/Lideres-del-turismo.jpg 730w, https:\/\/reclamatravel.com\/reclamatravel\/wp-content\/uploads\/2024\/07\/Lideres-del-turismo-600x339.jpg 600w, https:\/\/reclamatravel.com\/reclamatravel\/wp-content\/uploads\/2024\/07\/Lideres-del-turismo-300x169.jpg 300w\" data-sizes=\"(max-width: 730px) 100vw, 730px\" src=\"data:image\/svg+xml;base64,PHN2ZyB3aWR0aD0iMSIgaGVpZ2h0PSIxIiB4bWxucz0iaHR0cDovL3d3dy53My5vcmcvMjAwMC9zdmciPjwvc3ZnPg==\" style=\"--smush-placeholder-width: 730px; --smush-placeholder-aspect-ratio: 730\/412;\" \/>                                            \r\n                                     <div class=\"sabvga-blog-box\">\r\n                                         <div class=\"sabvga-blog-inner\">\r\n                                             <h3>Reclama Travel recibe el premio a la \u00abMejor Atenci\u00f3n al Pasajero\u00bb 2024<\/h3>\r\n                                             \r\n                                             \r\n                                            \r\n                                                                                        \r\n                                                                                    <\/div>\r\n                                    <\/div>\r\n                                \r\n                                <\/a>\r\n                                \r\n                                                                                                <div class=\"clearfix box-blog-padding excerpt-box\">\r\n                                                                \r\n                                                                <div class=\"spacing20 clearfix\"><\/div>\r\n                                <p>\r\n                                    &nbsp; La entrega de este reconocimiento tuvo lugar el pasado mi\u00e9rcoles d\u00eda 20 de Mayo, en el Hotel Las Arenas de Valencia, en la entrega de Premios...                                <\/p>\r\n                                                                \r\n                                                                \r\n                                \r\n                                                                    <div class=\"spacing20 clearboth\"><\/div>\r\n                                        <a class=\"content-btn\" href=\"https:\/\/reclamatravel.com\/reclamatravel\/reclama-travel-recibe-el-premio-a-la-mejor-atencion-al-pasajero-2024\/\">\r\n                                            \r\n                                                                                        <span class=\"content-btn-align-icon-left content-btn-button-icon\">\r\n                                                <i class=\"fa fa-tasks\" aria-hidden=\"true\"><\/i>\r\n                                            <\/span>\r\n                                                                                        \r\n                                            Leer M\u00e1s                                        <\/a>\r\n                                    <div class=\"spacing20 clearboth\"><\/div>\r\n                                                                \r\n                                                                <\/div>\r\n                                                                \r\n                            <\/div>\r\n                        <\/div>\r\n                        \r\n                         \r\n                        <div class=\"col-md-12                        blog-col\">\r\n                        \t<div class=\"blog-col-inner\">\r\n                        \r\n                        \t\r\n                                <a class=\"blog-link-img blog-with-box\" href=\"https:\/\/reclamatravel.com\/reclamatravel\/entrevista-en-soloagentes-reclamatravel-y-su-compromiso-con-la-proteccion-de-los-derechos-de-los-viajeros\/\"> \r\n                                \t\r\n                                                                        \r\n                                    <img decoding=\"async\" width=\"739\" height=\"415\" data-src=\"https:\/\/reclamatravel.com\/reclamatravel\/wp-content\/uploads\/2024\/04\/Loop-Fernando-Oniga-high.jpg\" class=\"attachment-post-thumbnail size-post-thumbnail wp-post-image lazyload\" alt=\"\" data-srcset=\"https:\/\/reclamatravel.com\/reclamatravel\/wp-content\/uploads\/2024\/04\/Loop-Fernando-Oniga-high.jpg 739w, https:\/\/reclamatravel.com\/reclamatravel\/wp-content\/uploads\/2024\/04\/Loop-Fernando-Oniga-high-600x337.jpg 600w, https:\/\/reclamatravel.com\/reclamatravel\/wp-content\/uploads\/2024\/04\/Loop-Fernando-Oniga-high-300x168.jpg 300w\" data-sizes=\"(max-width: 739px) 100vw, 739px\" src=\"data:image\/svg+xml;base64,PHN2ZyB3aWR0aD0iMSIgaGVpZ2h0PSIxIiB4bWxucz0iaHR0cDovL3d3dy53My5vcmcvMjAwMC9zdmciPjwvc3ZnPg==\" style=\"--smush-placeholder-width: 739px; --smush-placeholder-aspect-ratio: 739\/415;\" \/>                                            \r\n                                     <div class=\"sabvga-blog-box\">\r\n                                         <div class=\"sabvga-blog-inner\">\r\n                                             <h3>ReclamaTravel y su compromiso con la protecci\u00f3n de los derechos de los viajeros<\/h3>\r\n                                             \r\n                                             \r\n                                            \r\n                                                                                        \r\n                                                                                    <\/div>\r\n                                    <\/div>\r\n                                \r\n                                <\/a>\r\n                                \r\n                                                                                                <div class=\"clearfix box-blog-padding excerpt-box\">\r\n                                                                \r\n                                                                <div class=\"spacing20 clearfix\"><\/div>\r\n                                <p>\r\n                                    En una reciente entrevista con SoloAgentes, nuestro CEO, Fernando O\u00f1iga, habl\u00f3 en profundidad sobre la misi\u00f3n de ReclamaTravel y c\u00f3mo la empresa s...                                <\/p>\r\n                                                                \r\n                                                                \r\n                                \r\n                                                                    <div class=\"spacing20 clearboth\"><\/div>\r\n                                        <a class=\"content-btn\" href=\"https:\/\/reclamatravel.com\/reclamatravel\/entrevista-en-soloagentes-reclamatravel-y-su-compromiso-con-la-proteccion-de-los-derechos-de-los-viajeros\/\">\r\n                                            \r\n                                                                                        <span class=\"content-btn-align-icon-left content-btn-button-icon\">\r\n                                                <i class=\"fa fa-tasks\" aria-hidden=\"true\"><\/i>\r\n                                            <\/span>\r\n                                                                                        \r\n                                            Leer M\u00e1s                                        <\/a>\r\n                                    <div class=\"spacing20 clearboth\"><\/div>\r\n                                                                \r\n                                                                <\/div>\r\n                                                                \r\n                            <\/div>\r\n                        <\/div>\r\n                        \r\n                         \r\n                        <div class=\"col-md-12                        blog-col\">\r\n                        \t<div class=\"blog-col-inner\">\r\n                        \r\n                        \t\r\n                                <a class=\"blog-link-img blog-with-box\" href=\"https:\/\/reclamatravel.com\/reclamatravel\/mas-de-500-millones-de-euros-sin-reclamar-la-importancia-de-los-derechos-del-viajero\/\"> \r\n                                \t\r\n                                                                        \r\n                                    <img decoding=\"async\" width=\"730\" height=\"412\" data-src=\"https:\/\/reclamatravel.com\/reclamatravel\/wp-content\/uploads\/2024\/08\/fernando-oniga-reclamatravel-re-730x412-1.jpg\" class=\"attachment-post-thumbnail size-post-thumbnail wp-post-image lazyload\" alt=\"\" data-srcset=\"https:\/\/reclamatravel.com\/reclamatravel\/wp-content\/uploads\/2024\/08\/fernando-oniga-reclamatravel-re-730x412-1.jpg 730w, https:\/\/reclamatravel.com\/reclamatravel\/wp-content\/uploads\/2024\/08\/fernando-oniga-reclamatravel-re-730x412-1-600x339.jpg 600w, https:\/\/reclamatravel.com\/reclamatravel\/wp-content\/uploads\/2024\/08\/fernando-oniga-reclamatravel-re-730x412-1-300x169.jpg 300w\" data-sizes=\"(max-width: 730px) 100vw, 730px\" src=\"data:image\/svg+xml;base64,PHN2ZyB3aWR0aD0iMSIgaGVpZ2h0PSIxIiB4bWxucz0iaHR0cDovL3d3dy53My5vcmcvMjAwMC9zdmciPjwvc3ZnPg==\" style=\"--smush-placeholder-width: 730px; --smush-placeholder-aspect-ratio: 730\/412;\" \/>                                            \r\n                                     <div class=\"sabvga-blog-box\">\r\n                                         <div class=\"sabvga-blog-inner\">\r\n                                             <h3>M\u00e1s de 500 millones de euros sin reclamar: La importancia de los derechos del viajero<\/h3>\r\n                                             \r\n                                             \r\n                                            \r\n                                                                                        \r\n                                                                                    <\/div>\r\n                                    <\/div>\r\n                                \r\n                                <\/a>\r\n                                \r\n                                                                                                <div class=\"clearfix box-blog-padding excerpt-box\">\r\n                                                                \r\n                                                                <div class=\"spacing20 clearfix\"><\/div>\r\n                                <p>\r\n                                    En una reciente entrevista con La Gaceta del Turismo, nuestro CEO, Fernando O\u00f1iga, aborda un tema crucial para todos los viajeros: cada a\u00f1o, m\u00e1s de...                                <\/p>\r\n                                                                \r\n                                                                \r\n                                \r\n                                                                    <div class=\"spacing20 clearboth\"><\/div>\r\n                                        <a class=\"content-btn\" href=\"https:\/\/reclamatravel.com\/reclamatravel\/mas-de-500-millones-de-euros-sin-reclamar-la-importancia-de-los-derechos-del-viajero\/\">\r\n                                            \r\n                                                                                        <span class=\"content-btn-align-icon-left content-btn-button-icon\">\r\n                                                <i class=\"fa fa-tasks\" aria-hidden=\"true\"><\/i>\r\n                                            <\/span>\r\n                                                                                        \r\n                                            Leer M\u00e1s                                        <\/a>\r\n                                    <div class=\"spacing20 clearboth\"><\/div>\r\n                                                                \r\n                                                                <\/div>\r\n                                                                \r\n                            <\/div>\r\n                        <\/div>\r\n                        \r\n                         \r\n                        <div class=\"col-md-12                        blog-col\">\r\n                        \t<div class=\"blog-col-inner\">\r\n                        \r\n                        \t\r\n                                <a class=\"blog-link-img blog-with-box\" href=\"https:\/\/reclamatravel.com\/reclamatravel\/reclamatravel-lanza-una-innovadora-herramienta-para-la-gestion-de-reclamaciones-de-grupos\/\"> \r\n                                \t\r\n                                                                        \r\n                                    <img decoding=\"async\" width=\"1280\" height=\"720\" data-src=\"https:\/\/reclamatravel.com\/reclamatravel\/wp-content\/uploads\/2023\/10\/grupos.jpg\" class=\"attachment-post-thumbnail size-post-thumbnail wp-post-image lazyload\" alt=\"\" data-srcset=\"https:\/\/reclamatravel.com\/reclamatravel\/wp-content\/uploads\/2023\/10\/grupos.jpg 1280w, https:\/\/reclamatravel.com\/reclamatravel\/wp-content\/uploads\/2023\/10\/grupos-600x338.jpg 600w, https:\/\/reclamatravel.com\/reclamatravel\/wp-content\/uploads\/2023\/10\/grupos-300x169.jpg 300w, https:\/\/reclamatravel.com\/reclamatravel\/wp-content\/uploads\/2023\/10\/grupos-1024x576.jpg 1024w, https:\/\/reclamatravel.com\/reclamatravel\/wp-content\/uploads\/2023\/10\/grupos-768x432.jpg 768w\" data-sizes=\"(max-width: 1280px) 100vw, 1280px\" src=\"data:image\/svg+xml;base64,PHN2ZyB3aWR0aD0iMSIgaGVpZ2h0PSIxIiB4bWxucz0iaHR0cDovL3d3dy53My5vcmcvMjAwMC9zdmciPjwvc3ZnPg==\" style=\"--smush-placeholder-width: 1280px; --smush-placeholder-aspect-ratio: 1280\/720;\" \/>                                            \r\n                                     <div class=\"sabvga-blog-box\">\r\n                                         <div class=\"sabvga-blog-inner\">\r\n                                             <h3>ReclamaTravel lanza una innovadora herramienta para la gesti\u00f3n de reclamaciones de grupos<\/h3>\r\n                                             \r\n                                             \r\n                                            \r\n                                                                                        \r\n                                                                                    <\/div>\r\n                                    <\/div>\r\n                                \r\n                                <\/a>\r\n                                \r\n                                                                                                <div class=\"clearfix box-blog-padding excerpt-box\">\r\n                                                                \r\n                                                                <div class=\"spacing20 clearfix\"><\/div>\r\n                                <p>\r\n                                    &nbsp; ReclamaTravel contin\u00faa innovando en el sector de las reclamaciones de derechos del viajero con el lanzamiento de una nueva herramienta dise\u00f1a...                                <\/p>\r\n                                                                \r\n                                                                \r\n                                \r\n                                                                    <div class=\"spacing20 clearboth\"><\/div>\r\n                                        <a class=\"content-btn\" href=\"https:\/\/reclamatravel.com\/reclamatravel\/reclamatravel-lanza-una-innovadora-herramienta-para-la-gestion-de-reclamaciones-de-grupos\/\">\r\n                                            \r\n                                                                                        <span class=\"content-btn-align-icon-left content-btn-button-icon\">\r\n                                                <i class=\"fa fa-tasks\" aria-hidden=\"true\"><\/i>\r\n                                            <\/span>\r\n                                                                                        \r\n                                            Leer M\u00e1s                                        <\/a>\r\n                                    <div class=\"spacing20 clearboth\"><\/div>\r\n                                                                \r\n                                                                <\/div>\r\n                                                                \r\n                            <\/div>\r\n                        <\/div>\r\n                        \r\n                                           <\/div> \r\n                   \r\n                   <!--pagination--> \r\n                   \t\t\t\t<\/div>\n\t\t\t\t<\/div>\n\t\t\t\t<\/div>\n\t\t\t\t<\/div>\n\t\t\t\t<\/div>\n\t\t","protected":false},"excerpt":{"rendered":"<p>ReclamaTravel ha anunciado una nueva alianza estrat\u00e9gica con InterMundial, una de las principales corredur\u00edas de seguros especializados en turismo, para mejorar la cobertura y gesti\u00f3n de incidencias a\u00e9reas. ReclamaTravel ha anunciado una nueva alianza estrat\u00e9gica con InterMundial, una de las principales corredur\u00edas de seguros especializados en turismo, para mejorar la cobertura y gesti\u00f3n de incidencias a\u00e9reas. Seg\u00fan la reciente nota &hellip;<\/p>\n","protected":false},"author":4,"featured_media":3579,"comment_status":"closed","ping_status":"closed","sticky":false,"template":"","format":"standard","meta":{"footnotes":""},"categories":[39],"tags":[],"class_list":["post-3577","post","type-post","status-publish","format-standard","has-post-thumbnail","hentry","category-prensa"],"yoast_head":"<!-- This site is optimized with the Yoast SEO plugin v27.5 - https:\/\/yoast.com\/product\/yoast-seo-wordpress\/ -->\n<title>ReclamaTravel e InterMundial se al\u00edan para ofrecer cobertura integral ante incidencias a\u00e9reas - Reclama Travel<\/title>\n<meta name=\"robots\" content=\"index, follow, max-snippet:-1, max-image-preview:large, max-video-preview:-1\" \/>\n<link rel=\"canonical\" href=\"https:\/\/reclamatravel.com\/reclamatravel\/reclamatravel-e-intermundial-se-alian-para-ofrecer-cobertura-integral-ante-incidencias-aereas\/\" \/>\n<meta property=\"og:locale\" content=\"es_ES\" \/>\n<meta property=\"og:type\" content=\"article\" \/>\n<meta property=\"og:title\" content=\"ReclamaTravel e InterMundial se al\u00edan para ofrecer cobertura integral ante incidencias a\u00e9reas - Reclama Travel\" \/>\n<meta property=\"og:description\" content=\"ReclamaTravel ha anunciado una nueva alianza estrat\u00e9gica con InterMundial, una de las principales corredur\u00edas de seguros especializados en turismo, para mejorar la cobertura y gesti\u00f3n de incidencias a\u00e9reas. ReclamaTravel ha anunciado una nueva alianza estrat\u00e9gica con InterMundial, una de las principales corredur\u00edas de seguros especializados en turismo, para mejorar la cobertura y gesti\u00f3n de incidencias a\u00e9reas. Seg\u00fan la reciente nota &hellip;\" \/>\n<meta property=\"og:url\" content=\"https:\/\/reclamatravel.com\/reclamatravel\/reclamatravel-e-intermundial-se-alian-para-ofrecer-cobertura-integral-ante-incidencias-aereas\/\" \/>\n<meta property=\"og:site_name\" content=\"Reclama Travel\" \/>\n<meta property=\"article:published_time\" content=\"2019-11-04T08:45:53+00:00\" \/>\n<meta property=\"article:modified_time\" content=\"2024-08-20T07:50:17+00:00\" \/>\n<meta property=\"og:image\" content=\"https:\/\/reclamatravel.com\/reclamatravel\/wp-content\/uploads\/2019\/11\/Infografia-seguro-Perfect-Flight_opt.jpg\" \/>\n\t<meta property=\"og:image:width\" content=\"600\" \/>\n\t<meta property=\"og:image:height\" content=\"286\" \/>\n\t<meta property=\"og:image:type\" content=\"image\/jpeg\" \/>\n<meta name=\"author\" content=\"Fernando Moreno\" \/>\n<meta name=\"twitter:card\" content=\"summary_large_image\" \/>\n<meta name=\"twitter:label1\" content=\"Escrito por\" \/>\n\t<meta name=\"twitter:data1\" content=\"Fernando Moreno\" \/>\n\t<meta name=\"twitter:label2\" content=\"Tiempo de lectura\" \/>\n\t<meta name=\"twitter:data2\" content=\"4 minutos\" \/>\n<script type=\"application\/ld+json\" class=\"yoast-schema-graph\">{\"@context\":\"https:\\\/\\\/schema.org\",\"@graph\":[{\"@type\":\"Article\",\"@id\":\"https:\\\/\\\/reclamatravel.com\\\/reclamatravel\\\/reclamatravel-e-intermundial-se-alian-para-ofrecer-cobertura-integral-ante-incidencias-aereas\\\/#article\",\"isPartOf\":{\"@id\":\"https:\\\/\\\/reclamatravel.com\\\/reclamatravel\\\/reclamatravel-e-intermundial-se-alian-para-ofrecer-cobertura-integral-ante-incidencias-aereas\\\/\"},\"author\":{\"name\":\"Fernando Moreno\",\"@id\":\"https:\\\/\\\/reclamatravel.com\\\/reclamatravel\\\/#\\\/schema\\\/person\\\/e6936fbbd8b4fe0277c513bfaeb9ced9\"},\"headline\":\"ReclamaTravel e InterMundial se al\u00edan para ofrecer cobertura integral ante incidencias a\u00e9reas\",\"datePublished\":\"2019-11-04T08:45:53+00:00\",\"dateModified\":\"2024-08-20T07:50:17+00:00\",\"mainEntityOfPage\":{\"@id\":\"https:\\\/\\\/reclamatravel.com\\\/reclamatravel\\\/reclamatravel-e-intermundial-se-alian-para-ofrecer-cobertura-integral-ante-incidencias-aereas\\\/\"},\"wordCount\":523,\"publisher\":{\"@id\":\"https:\\\/\\\/reclamatravel.com\\\/reclamatravel\\\/#organization\"},\"image\":{\"@id\":\"https:\\\/\\\/reclamatravel.com\\\/reclamatravel\\\/reclamatravel-e-intermundial-se-alian-para-ofrecer-cobertura-integral-ante-incidencias-aereas\\\/#primaryimage\"},\"thumbnailUrl\":\"https:\\\/\\\/reclamatravel.com\\\/reclamatravel\\\/wp-content\\\/uploads\\\/2019\\\/11\\\/Infografia-seguro-Perfect-Flight_opt.jpg\",\"articleSection\":[\"Prensa\"],\"inLanguage\":\"es\"},{\"@type\":\"WebPage\",\"@id\":\"https:\\\/\\\/reclamatravel.com\\\/reclamatravel\\\/reclamatravel-e-intermundial-se-alian-para-ofrecer-cobertura-integral-ante-incidencias-aereas\\\/\",\"url\":\"https:\\\/\\\/reclamatravel.com\\\/reclamatravel\\\/reclamatravel-e-intermundial-se-alian-para-ofrecer-cobertura-integral-ante-incidencias-aereas\\\/\",\"name\":\"ReclamaTravel e InterMundial se al\u00edan para ofrecer cobertura integral ante incidencias a\u00e9reas - Reclama Travel\",\"isPartOf\":{\"@id\":\"https:\\\/\\\/reclamatravel.com\\\/reclamatravel\\\/#website\"},\"primaryImageOfPage\":{\"@id\":\"https:\\\/\\\/reclamatravel.com\\\/reclamatravel\\\/reclamatravel-e-intermundial-se-alian-para-ofrecer-cobertura-integral-ante-incidencias-aereas\\\/#primaryimage\"},\"image\":{\"@id\":\"https:\\\/\\\/reclamatravel.com\\\/reclamatravel\\\/reclamatravel-e-intermundial-se-alian-para-ofrecer-cobertura-integral-ante-incidencias-aereas\\\/#primaryimage\"},\"thumbnailUrl\":\"https:\\\/\\\/reclamatravel.com\\\/reclamatravel\\\/wp-content\\\/uploads\\\/2019\\\/11\\\/Infografia-seguro-Perfect-Flight_opt.jpg\",\"datePublished\":\"2019-11-04T08:45:53+00:00\",\"dateModified\":\"2024-08-20T07:50:17+00:00\",\"breadcrumb\":{\"@id\":\"https:\\\/\\\/reclamatravel.com\\\/reclamatravel\\\/reclamatravel-e-intermundial-se-alian-para-ofrecer-cobertura-integral-ante-incidencias-aereas\\\/#breadcrumb\"},\"inLanguage\":\"es\",\"potentialAction\":[{\"@type\":\"ReadAction\",\"target\":[\"https:\\\/\\\/reclamatravel.com\\\/reclamatravel\\\/reclamatravel-e-intermundial-se-alian-para-ofrecer-cobertura-integral-ante-incidencias-aereas\\\/\"]}]},{\"@type\":\"ImageObject\",\"inLanguage\":\"es\",\"@id\":\"https:\\\/\\\/reclamatravel.com\\\/reclamatravel\\\/reclamatravel-e-intermundial-se-alian-para-ofrecer-cobertura-integral-ante-incidencias-aereas\\\/#primaryimage\",\"url\":\"https:\\\/\\\/reclamatravel.com\\\/reclamatravel\\\/wp-content\\\/uploads\\\/2019\\\/11\\\/Infografia-seguro-Perfect-Flight_opt.jpg\",\"contentUrl\":\"https:\\\/\\\/reclamatravel.com\\\/reclamatravel\\\/wp-content\\\/uploads\\\/2019\\\/11\\\/Infografia-seguro-Perfect-Flight_opt.jpg\",\"width\":600,\"height\":286},{\"@type\":\"BreadcrumbList\",\"@id\":\"https:\\\/\\\/reclamatravel.com\\\/reclamatravel\\\/reclamatravel-e-intermundial-se-alian-para-ofrecer-cobertura-integral-ante-incidencias-aereas\\\/#breadcrumb\",\"itemListElement\":[{\"@type\":\"ListItem\",\"position\":1,\"name\":\"Portada\",\"item\":\"https:\\\/\\\/reclamatravel.com\\\/reclamatravel\\\/\"},{\"@type\":\"ListItem\",\"position\":2,\"name\":\"ReclamaTravel e InterMundial se al\u00edan para ofrecer cobertura integral ante incidencias a\u00e9reas\"}]},{\"@type\":\"WebSite\",\"@id\":\"https:\\\/\\\/reclamatravel.com\\\/reclamatravel\\\/#website\",\"url\":\"https:\\\/\\\/reclamatravel.com\\\/reclamatravel\\\/\",\"name\":\"Reclama Travel\",\"description\":\"L\u00edder en Gesti\u00f3n de Indemnizaciones A\u00e9reas\",\"publisher\":{\"@id\":\"https:\\\/\\\/reclamatravel.com\\\/reclamatravel\\\/#organization\"},\"potentialAction\":[{\"@type\":\"SearchAction\",\"target\":{\"@type\":\"EntryPoint\",\"urlTemplate\":\"https:\\\/\\\/reclamatravel.com\\\/reclamatravel\\\/?s={search_term_string}\"},\"query-input\":{\"@type\":\"PropertyValueSpecification\",\"valueRequired\":true,\"valueName\":\"search_term_string\"}}],\"inLanguage\":\"es\"},{\"@type\":\"Organization\",\"@id\":\"https:\\\/\\\/reclamatravel.com\\\/reclamatravel\\\/#organization\",\"name\":\"Reclama Travel\",\"url\":\"https:\\\/\\\/reclamatravel.com\\\/reclamatravel\\\/\",\"logo\":{\"@type\":\"ImageObject\",\"inLanguage\":\"es\",\"@id\":\"https:\\\/\\\/reclamatravel.com\\\/reclamatravel\\\/#\\\/schema\\\/logo\\\/image\\\/\",\"url\":\"https:\\\/\\\/reclamatravel.com\\\/reclamatravel\\\/wp-content\\\/uploads\\\/2024\\\/07\\\/logo-apaisado-Reclama-Travel-1.png\",\"contentUrl\":\"https:\\\/\\\/reclamatravel.com\\\/reclamatravel\\\/wp-content\\\/uploads\\\/2024\\\/07\\\/logo-apaisado-Reclama-Travel-1.png\",\"width\":1607,\"height\":208,\"caption\":\"Reclama Travel\"},\"image\":{\"@id\":\"https:\\\/\\\/reclamatravel.com\\\/reclamatravel\\\/#\\\/schema\\\/logo\\\/image\\\/\"}},{\"@type\":\"Person\",\"@id\":\"https:\\\/\\\/reclamatravel.com\\\/reclamatravel\\\/#\\\/schema\\\/person\\\/e6936fbbd8b4fe0277c513bfaeb9ced9\",\"name\":\"Fernando Moreno\",\"url\":\"https:\\\/\\\/reclamatravel.com\\\/reclamatravel\\\/author\\\/fmorenoreclamatravel-com\\\/\"}]}<\/script>\n<!-- \/ Yoast SEO plugin. -->","yoast_head_json":{"title":"ReclamaTravel e InterMundial se al\u00edan para ofrecer cobertura integral ante incidencias a\u00e9reas - Reclama Travel","robots":{"index":"index","follow":"follow","max-snippet":"max-snippet:-1","max-image-preview":"max-image-preview:large","max-video-preview":"max-video-preview:-1"},"canonical":"https:\/\/reclamatravel.com\/reclamatravel\/reclamatravel-e-intermundial-se-alian-para-ofrecer-cobertura-integral-ante-incidencias-aereas\/","og_locale":"es_ES","og_type":"article","og_title":"ReclamaTravel e InterMundial se al\u00edan para ofrecer cobertura integral ante incidencias a\u00e9reas - Reclama Travel","og_description":"ReclamaTravel ha anunciado una nueva alianza estrat\u00e9gica con InterMundial, una de las principales corredur\u00edas de seguros especializados en turismo, para mejorar la cobertura y gesti\u00f3n de incidencias a\u00e9reas. ReclamaTravel ha anunciado una nueva alianza estrat\u00e9gica con InterMundial, una de las principales corredur\u00edas de seguros especializados en turismo, para mejorar la cobertura y gesti\u00f3n de incidencias a\u00e9reas. Seg\u00fan la reciente nota &hellip;","og_url":"https:\/\/reclamatravel.com\/reclamatravel\/reclamatravel-e-intermundial-se-alian-para-ofrecer-cobertura-integral-ante-incidencias-aereas\/","og_site_name":"Reclama Travel","article_published_time":"2019-11-04T08:45:53+00:00","article_modified_time":"2024-08-20T07:50:17+00:00","og_image":[{"width":600,"height":286,"url":"https:\/\/reclamatravel.com\/reclamatravel\/wp-content\/uploads\/2019\/11\/Infografia-seguro-Perfect-Flight_opt.jpg","type":"image\/jpeg"}],"author":"Fernando Moreno","twitter_card":"summary_large_image","twitter_misc":{"Escrito por":"Fernando Moreno","Tiempo de lectura":"4 minutos"},"schema":{"@context":"https:\/\/schema.org","@graph":[{"@type":"Article","@id":"https:\/\/reclamatravel.com\/reclamatravel\/reclamatravel-e-intermundial-se-alian-para-ofrecer-cobertura-integral-ante-incidencias-aereas\/#article","isPartOf":{"@id":"https:\/\/reclamatravel.com\/reclamatravel\/reclamatravel-e-intermundial-se-alian-para-ofrecer-cobertura-integral-ante-incidencias-aereas\/"},"author":{"name":"Fernando Moreno","@id":"https:\/\/reclamatravel.com\/reclamatravel\/#\/schema\/person\/e6936fbbd8b4fe0277c513bfaeb9ced9"},"headline":"ReclamaTravel e InterMundial se al\u00edan para ofrecer cobertura integral ante incidencias a\u00e9reas","datePublished":"2019-11-04T08:45:53+00:00","dateModified":"2024-08-20T07:50:17+00:00","mainEntityOfPage":{"@id":"https:\/\/reclamatravel.com\/reclamatravel\/reclamatravel-e-intermundial-se-alian-para-ofrecer-cobertura-integral-ante-incidencias-aereas\/"},"wordCount":523,"publisher":{"@id":"https:\/\/reclamatravel.com\/reclamatravel\/#organization"},"image":{"@id":"https:\/\/reclamatravel.com\/reclamatravel\/reclamatravel-e-intermundial-se-alian-para-ofrecer-cobertura-integral-ante-incidencias-aereas\/#primaryimage"},"thumbnailUrl":"https:\/\/reclamatravel.com\/reclamatravel\/wp-content\/uploads\/2019\/11\/Infografia-seguro-Perfect-Flight_opt.jpg","articleSection":["Prensa"],"inLanguage":"es"},{"@type":"WebPage","@id":"https:\/\/reclamatravel.com\/reclamatravel\/reclamatravel-e-intermundial-se-alian-para-ofrecer-cobertura-integral-ante-incidencias-aereas\/","url":"https:\/\/reclamatravel.com\/reclamatravel\/reclamatravel-e-intermundial-se-alian-para-ofrecer-cobertura-integral-ante-incidencias-aereas\/","name":"ReclamaTravel e InterMundial se al\u00edan para ofrecer cobertura integral ante incidencias a\u00e9reas - Reclama Travel","isPartOf":{"@id":"https:\/\/reclamatravel.com\/reclamatravel\/#website"},"primaryImageOfPage":{"@id":"https:\/\/reclamatravel.com\/reclamatravel\/reclamatravel-e-intermundial-se-alian-para-ofrecer-cobertura-integral-ante-incidencias-aereas\/#primaryimage"},"image":{"@id":"https:\/\/reclamatravel.com\/reclamatravel\/reclamatravel-e-intermundial-se-alian-para-ofrecer-cobertura-integral-ante-incidencias-aereas\/#primaryimage"},"thumbnailUrl":"https:\/\/reclamatravel.com\/reclamatravel\/wp-content\/uploads\/2019\/11\/Infografia-seguro-Perfect-Flight_opt.jpg","datePublished":"2019-11-04T08:45:53+00:00","dateModified":"2024-08-20T07:50:17+00:00","breadcrumb":{"@id":"https:\/\/reclamatravel.com\/reclamatravel\/reclamatravel-e-intermundial-se-alian-para-ofrecer-cobertura-integral-ante-incidencias-aereas\/#breadcrumb"},"inLanguage":"es","potentialAction":[{"@type":"ReadAction","target":["https:\/\/reclamatravel.com\/reclamatravel\/reclamatravel-e-intermundial-se-alian-para-ofrecer-cobertura-integral-ante-incidencias-aereas\/"]}]},{"@type":"ImageObject","inLanguage":"es","@id":"https:\/\/reclamatravel.com\/reclamatravel\/reclamatravel-e-intermundial-se-alian-para-ofrecer-cobertura-integral-ante-incidencias-aereas\/#primaryimage","url":"https:\/\/reclamatravel.com\/reclamatravel\/wp-content\/uploads\/2019\/11\/Infografia-seguro-Perfect-Flight_opt.jpg","contentUrl":"https:\/\/reclamatravel.com\/reclamatravel\/wp-content\/uploads\/2019\/11\/Infografia-seguro-Perfect-Flight_opt.jpg","width":600,"height":286},{"@type":"BreadcrumbList","@id":"https:\/\/reclamatravel.com\/reclamatravel\/reclamatravel-e-intermundial-se-alian-para-ofrecer-cobertura-integral-ante-incidencias-aereas\/#breadcrumb","itemListElement":[{"@type":"ListItem","position":1,"name":"Portada","item":"https:\/\/reclamatravel.com\/reclamatravel\/"},{"@type":"ListItem","position":2,"name":"ReclamaTravel e InterMundial se al\u00edan para ofrecer cobertura integral ante incidencias a\u00e9reas"}]},{"@type":"WebSite","@id":"https:\/\/reclamatravel.com\/reclamatravel\/#website","url":"https:\/\/reclamatravel.com\/reclamatravel\/","name":"Reclama Travel","description":"L\u00edder en Gesti\u00f3n de Indemnizaciones A\u00e9reas","publisher":{"@id":"https:\/\/reclamatravel.com\/reclamatravel\/#organization"},"potentialAction":[{"@type":"SearchAction","target":{"@type":"EntryPoint","urlTemplate":"https:\/\/reclamatravel.com\/reclamatravel\/?s={search_term_string}"},"query-input":{"@type":"PropertyValueSpecification","valueRequired":true,"valueName":"search_term_string"}}],"inLanguage":"es"},{"@type":"Organization","@id":"https:\/\/reclamatravel.com\/reclamatravel\/#organization","name":"Reclama Travel","url":"https:\/\/reclamatravel.com\/reclamatravel\/","logo":{"@type":"ImageObject","inLanguage":"es","@id":"https:\/\/reclamatravel.com\/reclamatravel\/#\/schema\/logo\/image\/","url":"https:\/\/reclamatravel.com\/reclamatravel\/wp-content\/uploads\/2024\/07\/logo-apaisado-Reclama-Travel-1.png","contentUrl":"https:\/\/reclamatravel.com\/reclamatravel\/wp-content\/uploads\/2024\/07\/logo-apaisado-Reclama-Travel-1.png","width":1607,"height":208,"caption":"Reclama Travel"},"image":{"@id":"https:\/\/reclamatravel.com\/reclamatravel\/#\/schema\/logo\/image\/"}},{"@type":"Person","@id":"https:\/\/reclamatravel.com\/reclamatravel\/#\/schema\/person\/e6936fbbd8b4fe0277c513bfaeb9ced9","name":"Fernando Moreno","url":"https:\/\/reclamatravel.com\/reclamatravel\/author\/fmorenoreclamatravel-com\/"}]}},"_links":{"self":[{"href":"https:\/\/reclamatravel.com\/reclamatravel\/wp-json\/wp\/v2\/posts\/3577","targetHints":{"allow":["GET"]}}],"collection":[{"href":"https:\/\/reclamatravel.com\/reclamatravel\/wp-json\/wp\/v2\/posts"}],"about":[{"href":"https:\/\/reclamatravel.com\/reclamatravel\/wp-json\/wp\/v2\/types\/post"}],"author":[{"embeddable":true,"href":"https:\/\/reclamatravel.com\/reclamatravel\/wp-json\/wp\/v2\/users\/4"}],"replies":[{"embeddable":true,"href":"https:\/\/reclamatravel.com\/reclamatravel\/wp-json\/wp\/v2\/comments?post=3577"}],"version-history":[{"count":4,"href":"https:\/\/reclamatravel.com\/reclamatravel\/wp-json\/wp\/v2\/posts\/3577\/revisions"}],"predecessor-version":[{"id":3582,"href":"https:\/\/reclamatravel.com\/reclamatravel\/wp-json\/wp\/v2\/posts\/3577\/revisions\/3582"}],"wp:featuredmedia":[{"embeddable":true,"href":"https:\/\/reclamatravel.com\/reclamatravel\/wp-json\/wp\/v2\/media\/3579"}],"wp:attachment":[{"href":"https:\/\/reclamatravel.com\/reclamatravel\/wp-json\/wp\/v2\/media?parent=3577"}],"wp:term":[{"taxonomy":"category","embeddable":true,"href":"https:\/\/reclamatravel.com\/reclamatravel\/wp-json\/wp\/v2\/categories?post=3577"},{"taxonomy":"post_tag","embeddable":true,"href":"https:\/\/reclamatravel.com\/reclamatravel\/wp-json\/wp\/v2\/tags?post=3577"}],"curies":[{"name":"wp","href":"https:\/\/api.w.org\/{rel}","templated":true}]}}